{"id":6036,"date":"2026-03-16T18:35:46","date_gmt":"2026-03-16T16:35:46","guid":{"rendered":"https:\/\/www.planteea.ro\/blog\/?p=6036"},"modified":"2026-03-13T18:58:45","modified_gmt":"2026-03-13T16:58:45","slug":"tarta-vegana-cu-urzici","status":"publish","type":"post","link":"https:\/\/www.planteea.ro\/blog\/tarta-vegana-cu-urzici\/","title":{"rendered":"Tart\u0103 vegan\u0103 cu urzici"},"content":{"rendered":"\n<p><strong>Prim\u0103vara <\/strong>nu \u00eencepe cu adev\u0103rat \u00een calendar, ci \u00een momentul \u00een care primele urzici \u00ee\u0219i fac apari\u021bia prin gr\u0103dini \u0219i pie\u021be. Pentru mul\u021bi dintre noi, urzica treze\u0219te amintiri nostalgice: m\u00e2inile bunicii protejate de m\u0103nu\u0219i improvizate, mirosul de p\u0103m\u00e2nt reav\u0103n \u0219i gustul inconfundabil al m\u00e2nc\u0103rii de urzici cu mult usturoi \u0219i m\u0103m\u0103lig\u0103 cald\u0103. Totu\u0219i, \u00een contextul gastronomiei moderne \u0219i al stilului de via\u021b\u0103 vegan, aceast\u0103 plant\u0103 umil\u0103 a \u00eencetat s\u0103 mai fie doar un \u201ealiment de subzisten\u021b\u0103\u201d sau o cur\u0103 de <strong>detoxifiere <\/strong>post-iarn\u0103. Ea a devenit un ingredient gourmet, versatil \u0219i incredibil de dens nutritiv.<\/p>\n\n\n\n<p><strong>Tarta vegan\u0103 cu urzici<\/strong> pe care o propunem ast\u0103zi este un omagiu adus acestui dar al naturii, transformat \u00eentr-un preparat sofisticat, dar onest. \u00centr-o lume \u00een care c\u0103ut\u0103m tot mai des alternative la produsele de origine animal\u0103, provocarea cea mai mare este de a p\u0103stra acea textur\u0103 \u201ecomfort food\u201d, cremoas\u0103, bogat\u0103 \u0219i satisf\u0103c\u0103toare. <\/p>\n\n\n\n<p>Tarta (sau quiche-ul) este, prin defini\u021bie, un preparat bazat pe ou\u0103 \u0219i sm\u00e2nt\u00e2n\u0103. Cum reu\u0219im s\u0103 replic\u0103m aceast\u0103 experien\u021b\u0103 folosind doar ingrediente vegetale ? R\u0103spunsul st\u0103 \u00een alchimia dintre tofu \u0219i nucile caju, care, \u00eempreun\u0103 cu urzicile s\u0103lbatice, creeaz\u0103 un echilibru perfect \u00eentre prospe\u021bime \u0219i consisten\u021b\u0103.<\/p>\n\n\n<div class=\"wp-block-image\">\n<figure class=\"aligncenter size-full is-resized\"><img loading=\"lazy\" decoding=\"async\" width=\"1160\" height=\"653\" src=\"https:\/\/www.planteea.ro\/blog\/wp-content\/uploads\/2026\/03\/image-4.png\" alt=\"\" class=\"wp-image-6041\" style=\"aspect-ratio:1.7764266596173546;width:545px;height:auto\" srcset=\"https:\/\/www.planteea.ro\/blog\/wp-content\/uploads\/2026\/03\/image-4.png 1160w, https:\/\/www.planteea.ro\/blog\/wp-content\/uploads\/2026\/03\/image-4-500x281.png 500w\" sizes=\"auto, (max-width: 1160px) 100vw, 1160px\" \/><\/figure>\n<\/div>\n\n\n<p><strong>De ce s\u0103 alegem urzicile?<\/strong><br>Din punct de vedere nutri\u021bional, <strong>urzica <\/strong>este un veritabil super-aliment local. Este una dintre cele mai bogate <strong>surse vegetale de fier<\/strong>, esen\u021bial pentru combaterea <strong>anemiei de prim\u0103var\u0103<\/strong>, \u0219i con\u021bine cantit\u0103\u021bi impresionante de <strong>vitamina C, vitamina A, calciu \u0219i magneziu<\/strong>. Mai mult, urzicile sunt renumite pentru propriet\u0103\u021bile lor depurative, ajut\u00e2nd organismul s\u0103 elimine toxinele acumulate \u00een sezonul rece. \u00centr-o diet\u0103 vegan\u0103, unde sursele de fier \u0219i proteine sunt atent monitorizate, introducerea urzicilor \u00een preparate precum tartele sau pl\u0103cintele nu este doar o alegere estetic\u0103, ci una strategic\u0103 pentru s\u0103n\u0103tate.<\/p>\n\n\n\n<p><strong>Sustenabilitate \u0219i Conexiune cu Natura<\/strong><br>Dincolo de gust, g\u0103titul cu urzici este un act de <strong>sustenabilitate<\/strong>. Spre deosebire de legumele cultivate intensiv, <strong>urzicile cresc spontan<\/strong>, nu necesit\u0103 pesticide \u0219i au o amprent\u0103 de carbon aproape nul\u0103 dac\u0103 sunt culese local. Prepararea unei tarte <strong>vegane <\/strong>cu urzici este o invita\u021bie de a \u00eencetini ritmul, de a alege ingrediente de sezon \u0219i de a experimenta bucuria de a g\u0103ti \u201ede la zero\u201d.<\/p>\n\n\n\n<p>Fie c\u0103 e\u0219ti vegan convins, fie c\u0103 pur \u0219i simplu \u021bii post sau vrei s\u0103 introduci mai multe plante \u00een dieta ta, aceast\u0103 tart\u0103 este o dovad\u0103 c\u0103 <strong>buc\u0103t\u0103ria vegan\u0103<\/strong> nu \u00eenseamn\u0103 privare, ci explorare. Este o explozie de verde crud, \u00eenvelit\u0103 \u00eentr-o crust\u0103 crocant\u0103, gata s\u0103 devin\u0103 piesa central\u0103 a unei mese de pr\u00e2nz al\u0103turi de cei dragi. \u00cen cele ce urmeaz\u0103, vom detalia pas cu pas cum po\u021bi transforma aceste frunze \u201erele\u201d care urzic\u0103, \u00een cea mai fin\u0103 \u0219i apreciat\u0103 tart\u0103 de pe masa ta.<\/p>\n\n\n\n<p><strong>Ingredientele de care ai nevoie:<\/strong><\/p>\n\n\n\n<p><strong>Pentru baz\u0103 (Crust\u0103):<\/strong><\/p>\n\n\n\n<ul class=\"wp-block-list\">\n<li>250 g f\u0103in\u0103 (gr\u00e2u sau amestec cu secar\u0103).<\/li>\n\n\n\n<li>60 ml <strong><a href=\"https:\/\/www.planteea.ro\/uleiuri-alimentare\/ulei-de-masline\/\">ulei de m\u0103sline<\/a><\/strong> sau <strong><a href=\"https:\/\/www.planteea.ro\/uleiuri-alimentare\/ulei-de-cocos\/\">cocos<\/a><\/strong>.<\/li>\n\n\n\n<li>80 ml ap\u0103 rece \u0219i un praf de sare.\u00a0<\/li>\n<\/ul>\n\n\n\n<p><strong>Pentru umplutur\u0103:<\/strong><\/p>\n\n\n\n<ul class=\"wp-block-list\">\n<li><strong>Urzici:<\/strong>\u00a0250-300 g urzici fierte, scurse bine \u0219i tocate.<\/li>\n\n\n\n<li><strong>Baza cremoas\u0103:<\/strong>\u00a0360 g <strong><a href=\"https:\/\/www.planteea.ro\/branzeturi\/tofu\/\">tofu nes\u0103rat<\/a><\/strong> (fermi sau mediu).<\/li>\n\n\n\n<li><strong>Gr\u0103simi s\u0103n\u0103toase:<\/strong>\u00a0<strong><strong><a href=\"https:\/\/www.planteea.ro\/nucifere\/caju\/\">100 g caju<\/a><\/strong><\/strong> (hidratat \u00een prealabil cel pu\u021bin 2 ore).<\/li>\n\n\n\n<li><strong>Condimente:<\/strong>\u00a03-4 c\u0103\u021bei de usturoi, sare, piper.<\/li>\n\n\n\n<li><strong>Gust de &#8222;br\u00e2nz\u0103&#8221;:<\/strong>\u00a01-2 linguri <strong><a href=\"https:\/\/www.planteea.ro\/drojdii-amp-adaosuri\/drojdie-inactiva\/\">fulgi de drojdie inactiv\u0103<\/a><\/strong>.<\/li>\n\n\n\n<li><strong>Lichid:<\/strong>\u00a0Aproximativ 200 ml lapte vegetal ne\u00eendulcit (soia sau ov\u0103z).\u00a0<\/li>\n<\/ul>\n\n\n\n<p><strong>Mod de preparare<\/strong><\/p>\n\n\n\n<ol class=\"wp-block-list\">\n<li><strong>Preg\u0103tirea crustei:<\/strong>\u00a0Amestec\u0103 f\u0103ina cu sarea, uleiul \u0219i apa p\u00e2n\u0103 ob\u021bii un aluat omogen. \u00centinde-l \u00eentr-o form\u0103 de tart\u0103, \u00een\u021beap\u0103-l cu furculi\u021ba \u0219i coace-l &#8222;\u00een orb&#8221; (f\u0103r\u0103 umplutur\u0103) timp de 10 minute la 180\u00b0C.<\/li>\n\n\n\n<li><strong>Crema de tofu:<\/strong>\u00a0Pune \u00een blender tofu, caju-ul hidratat, laptele vegetal, usturoiul \u0219i fulgii de drojdie. Mixeaz\u0103 p\u00e2n\u0103 ob\u021bii o past\u0103 fin\u0103.<\/li>\n\n\n\n<li><strong>Asamblarea:<\/strong>\u00a0Amestec\u0103 urzicile tocate \u00een crema de tofu (po\u021bi ad\u0103uga \u0219i pu\u021bin\u0103 leurd\u0103 pentru o arom\u0103 extra). Toarn\u0103 compozi\u021bia peste crusta pre-coapt\u0103.<\/li>\n\n\n\n<li><strong>Coacerea final\u0103:<\/strong>\u00a0Pune tarta la cuptor la\u00a0<strong>180\u00b0C pentru aproximativ 35 de minute<\/strong>, p\u00e2n\u0103 c\u00e2nd suprafa\u021ba devine ferm\u0103 \u0219i u\u0219or aurie.\u00a0<\/li>\n<\/ol>\n\n\n\n<p><strong>Sfat:<\/strong>&nbsp;Pentru un plus de savoare, po\u021bi sota urzicile cu pu\u021bin\u0103 ceap\u0103 verde \u00eenainte de a le \u00eencorpora \u00een amestecul de tofu.<\/p>\n\n\n\n<p>Poft\u0103 bun\u0103! \ud83d\ude42<\/p>\n","protected":false},"excerpt":{"rendered":"<p>Prim\u0103vara nu \u00eencepe cu adev\u0103rat \u00een calendar, ci \u00een momentul \u00een care primele urzici \u00ee\u0219i fac apari\u021bia prin gr\u0103dini \u0219i&hellip;<\/p>\n","protected":false},"author":19,"featured_media":6040,"comment_status":"open","ping_status":"open","sticky":false,"template":"","format":"standard","meta":{"footnotes":""},"categories":[1],"tags":[],"class_list":["post-6036","post","type-post","status-publish","format-standard","has-post-thumbnail","hentry","category-produse-naturiste"],"fimg_url":"https:\/\/www.planteea.ro\/blog\/wp-content\/uploads\/2026\/03\/tarta-spanac.jpg","yoast_head":"<!-- This site is optimized with the Yoast SEO Premium plugin v24.0 (Yoast SEO v27.5) - https:\/\/yoast.com\/product\/yoast-seo-premium-wordpress\/ -->\n<title>Tart\u0103 vegan\u0103 cu urzici - Blog Planteea<\/title>\n<meta name=\"robots\" content=\"index, follow, max-snippet:-1, max-image-preview:large, max-video-preview:-1\" \/>\n<link rel=\"canonical\" href=\"https:\/\/www.planteea.ro\/blog\/tarta-vegana-cu-urzici\/\" \/>\n<meta property=\"og:locale\" content=\"ro_RO\" \/>\n<meta property=\"og:type\" content=\"article\" \/>\n<meta property=\"og:title\" content=\"Tart\u0103 vegan\u0103 cu urzici\" \/>\n<meta property=\"og:description\" content=\"Prim\u0103vara nu \u00eencepe cu adev\u0103rat \u00een calendar, ci \u00een momentul \u00een care primele urzici \u00ee\u0219i fac apari\u021bia prin gr\u0103dini \u0219i&hellip;\" \/>\n<meta property=\"og:url\" content=\"https:\/\/www.planteea.ro\/blog\/tarta-vegana-cu-urzici\/\" \/>\n<meta property=\"og:site_name\" content=\"Blog Planteea\" \/>\n<meta property=\"article:publisher\" content=\"https:\/\/www.facebook.com\/planteea.ro\" \/>\n<meta property=\"article:published_time\" content=\"2026-03-16T16:35:46+00:00\" \/>\n<meta property=\"og:image\" content=\"https:\/\/www.planteea.ro\/blog\/wp-content\/uploads\/2026\/03\/tarta-spanac.jpg\" \/>\n\t<meta property=\"og:image:width\" content=\"1536\" \/>\n\t<meta property=\"og:image:height\" content=\"650\" \/>\n\t<meta property=\"og:image:type\" content=\"image\/jpeg\" \/>\n<meta name=\"author\" content=\"Laura\" \/>\n<meta name=\"twitter:card\" content=\"summary_large_image\" \/>\n<meta name=\"twitter:creator\" content=\"@Planteea_Online\" \/>\n<meta name=\"twitter:site\" content=\"@Planteea_Online\" \/>\n<meta name=\"twitter:label1\" content=\"Scris de\" \/>\n\t<meta name=\"twitter:data1\" content=\"Laura\" \/>\n\t<meta name=\"twitter:label2\" content=\"Timp estimat pentru citire\" \/>\n\t<meta name=\"twitter:data2\" content=\"4 minute\" \/>\n<script type=\"application\/ld+json\" class=\"yoast-schema-graph\">{\"@context\":\"https:\\\/\\\/schema.org\",\"@graph\":[{\"@type\":\"Article\",\"@id\":\"https:\\\/\\\/www.planteea.ro\\\/blog\\\/tarta-vegana-cu-urzici\\\/#article\",\"isPartOf\":{\"@id\":\"https:\\\/\\\/www.planteea.ro\\\/blog\\\/tarta-vegana-cu-urzici\\\/\"},\"author\":{\"name\":\"Laura\",\"@id\":\"https:\\\/\\\/www.planteea.ro\\\/blog\\\/#\\\/schema\\\/person\\\/25a1f2fa05b6d8b48e1ebeff6d0bb894\"},\"headline\":\"Tart\u0103 vegan\u0103 cu urzici\",\"datePublished\":\"2026-03-16T16:35:46+00:00\",\"mainEntityOfPage\":{\"@id\":\"https:\\\/\\\/www.planteea.ro\\\/blog\\\/tarta-vegana-cu-urzici\\\/\"},\"wordCount\":737,\"commentCount\":0,\"publisher\":{\"@id\":\"https:\\\/\\\/www.planteea.ro\\\/blog\\\/#organization\"},\"image\":{\"@id\":\"https:\\\/\\\/www.planteea.ro\\\/blog\\\/tarta-vegana-cu-urzici\\\/#primaryimage\"},\"thumbnailUrl\":\"https:\\\/\\\/www.planteea.ro\\\/blog\\\/wp-content\\\/uploads\\\/2026\\\/03\\\/tarta-spanac.jpg\",\"articleSection\":[\"Beneficii produse naturiste\"],\"inLanguage\":\"ro-RO\",\"potentialAction\":[{\"@type\":\"CommentAction\",\"name\":\"Comment\",\"target\":[\"https:\\\/\\\/www.planteea.ro\\\/blog\\\/tarta-vegana-cu-urzici\\\/#respond\"]}]},{\"@type\":\"WebPage\",\"@id\":\"https:\\\/\\\/www.planteea.ro\\\/blog\\\/tarta-vegana-cu-urzici\\\/\",\"url\":\"https:\\\/\\\/www.planteea.ro\\\/blog\\\/tarta-vegana-cu-urzici\\\/\",\"name\":\"Tart\u0103 vegan\u0103 cu urzici - Blog Planteea\",\"isPartOf\":{\"@id\":\"https:\\\/\\\/www.planteea.ro\\\/blog\\\/#website\"},\"primaryImageOfPage\":{\"@id\":\"https:\\\/\\\/www.planteea.ro\\\/blog\\\/tarta-vegana-cu-urzici\\\/#primaryimage\"},\"image\":{\"@id\":\"https:\\\/\\\/www.planteea.ro\\\/blog\\\/tarta-vegana-cu-urzici\\\/#primaryimage\"},\"thumbnailUrl\":\"https:\\\/\\\/www.planteea.ro\\\/blog\\\/wp-content\\\/uploads\\\/2026\\\/03\\\/tarta-spanac.jpg\",\"datePublished\":\"2026-03-16T16:35:46+00:00\",\"breadcrumb\":{\"@id\":\"https:\\\/\\\/www.planteea.ro\\\/blog\\\/tarta-vegana-cu-urzici\\\/#breadcrumb\"},\"inLanguage\":\"ro-RO\",\"potentialAction\":[{\"@type\":\"ReadAction\",\"target\":[\"https:\\\/\\\/www.planteea.ro\\\/blog\\\/tarta-vegana-cu-urzici\\\/\"]}]},{\"@type\":\"ImageObject\",\"inLanguage\":\"ro-RO\",\"@id\":\"https:\\\/\\\/www.planteea.ro\\\/blog\\\/tarta-vegana-cu-urzici\\\/#primaryimage\",\"url\":\"https:\\\/\\\/www.planteea.ro\\\/blog\\\/wp-content\\\/uploads\\\/2026\\\/03\\\/tarta-spanac.jpg\",\"contentUrl\":\"https:\\\/\\\/www.planteea.ro\\\/blog\\\/wp-content\\\/uploads\\\/2026\\\/03\\\/tarta-spanac.jpg\",\"width\":1536,\"height\":650},{\"@type\":\"BreadcrumbList\",\"@id\":\"https:\\\/\\\/www.planteea.ro\\\/blog\\\/tarta-vegana-cu-urzici\\\/#breadcrumb\",\"itemListElement\":[{\"@type\":\"ListItem\",\"position\":1,\"name\":\"Home\",\"item\":\"https:\\\/\\\/www.planteea.ro\\\/blog\\\/\"},{\"@type\":\"ListItem\",\"position\":2,\"name\":\"Tart\u0103 vegan\u0103 cu urzici\"}]},{\"@type\":\"WebSite\",\"@id\":\"https:\\\/\\\/www.planteea.ro\\\/blog\\\/#website\",\"url\":\"https:\\\/\\\/www.planteea.ro\\\/blog\\\/\",\"name\":\"Blog Planteea\",\"description\":\"Un Blog \u00een slujba s\u0103n\u0103t\u0103\u021bii tale.\",\"publisher\":{\"@id\":\"https:\\\/\\\/www.planteea.ro\\\/blog\\\/#organization\"},\"potentialAction\":[{\"@type\":\"SearchAction\",\"target\":{\"@type\":\"EntryPoint\",\"urlTemplate\":\"https:\\\/\\\/www.planteea.ro\\\/blog\\\/?s={search_term_string}\"},\"query-input\":{\"@type\":\"PropertyValueSpecification\",\"valueRequired\":true,\"valueName\":\"search_term_string\"}}],\"inLanguage\":\"ro-RO\"},{\"@type\":\"Organization\",\"@id\":\"https:\\\/\\\/www.planteea.ro\\\/blog\\\/#organization\",\"name\":\"Planteea\",\"url\":\"https:\\\/\\\/www.planteea.ro\\\/blog\\\/\",\"logo\":{\"@type\":\"ImageObject\",\"inLanguage\":\"ro-RO\",\"@id\":\"https:\\\/\\\/www.planteea.ro\\\/blog\\\/#\\\/schema\\\/logo\\\/image\\\/\",\"url\":\"https:\\\/\\\/www.planteea.ro\\\/blog\\\/wp-content\\\/uploads\\\/2018\\\/10\\\/logo-planteea.png\",\"contentUrl\":\"https:\\\/\\\/www.planteea.ro\\\/blog\\\/wp-content\\\/uploads\\\/2018\\\/10\\\/logo-planteea.png\",\"width\":148,\"height\":87,\"caption\":\"Planteea\"},\"image\":{\"@id\":\"https:\\\/\\\/www.planteea.ro\\\/blog\\\/#\\\/schema\\\/logo\\\/image\\\/\"},\"sameAs\":[\"https:\\\/\\\/www.facebook.com\\\/planteea.ro\",\"https:\\\/\\\/x.com\\\/Planteea_Online\"]},{\"@type\":\"Person\",\"@id\":\"https:\\\/\\\/www.planteea.ro\\\/blog\\\/#\\\/schema\\\/person\\\/25a1f2fa05b6d8b48e1ebeff6d0bb894\",\"name\":\"Laura\",\"image\":{\"@type\":\"ImageObject\",\"inLanguage\":\"ro-RO\",\"@id\":\"https:\\\/\\\/secure.gravatar.com\\\/avatar\\\/352bcfc666715c1cb7cdb1b252318d67ddac815ea2d29e741d314afaa613ee2c?s=96&d=mm&r=g\",\"url\":\"https:\\\/\\\/secure.gravatar.com\\\/avatar\\\/352bcfc666715c1cb7cdb1b252318d67ddac815ea2d29e741d314afaa613ee2c?s=96&d=mm&r=g\",\"contentUrl\":\"https:\\\/\\\/secure.gravatar.com\\\/avatar\\\/352bcfc666715c1cb7cdb1b252318d67ddac815ea2d29e741d314afaa613ee2c?s=96&d=mm&r=g\",\"caption\":\"Laura\"},\"sameAs\":[\"https:\\\/\\\/www.planteea.ro\\\/\"],\"url\":\"https:\\\/\\\/www.planteea.ro\\\/blog\\\/author\\\/laura-tincu\\\/\"}]}<\/script>\n<!-- \/ Yoast SEO Premium plugin. -->","yoast_head_json":{"title":"Tart\u0103 vegan\u0103 cu urzici - Blog Planteea","robots":{"index":"index","follow":"follow","max-snippet":"max-snippet:-1","max-image-preview":"max-image-preview:large","max-video-preview":"max-video-preview:-1"},"canonical":"https:\/\/www.planteea.ro\/blog\/tarta-vegana-cu-urzici\/","og_locale":"ro_RO","og_type":"article","og_title":"Tart\u0103 vegan\u0103 cu urzici","og_description":"Prim\u0103vara nu \u00eencepe cu adev\u0103rat \u00een calendar, ci \u00een momentul \u00een care primele urzici \u00ee\u0219i fac apari\u021bia prin gr\u0103dini \u0219i&hellip;","og_url":"https:\/\/www.planteea.ro\/blog\/tarta-vegana-cu-urzici\/","og_site_name":"Blog Planteea","article_publisher":"https:\/\/www.facebook.com\/planteea.ro","article_published_time":"2026-03-16T16:35:46+00:00","og_image":[{"width":1536,"height":650,"url":"https:\/\/www.planteea.ro\/blog\/wp-content\/uploads\/2026\/03\/tarta-spanac.jpg","type":"image\/jpeg"}],"author":"Laura","twitter_card":"summary_large_image","twitter_creator":"@Planteea_Online","twitter_site":"@Planteea_Online","twitter_misc":{"Scris de":"Laura","Timp estimat pentru citire":"4 minute"},"schema":{"@context":"https:\/\/schema.org","@graph":[{"@type":"Article","@id":"https:\/\/www.planteea.ro\/blog\/tarta-vegana-cu-urzici\/#article","isPartOf":{"@id":"https:\/\/www.planteea.ro\/blog\/tarta-vegana-cu-urzici\/"},"author":{"name":"Laura","@id":"https:\/\/www.planteea.ro\/blog\/#\/schema\/person\/25a1f2fa05b6d8b48e1ebeff6d0bb894"},"headline":"Tart\u0103 vegan\u0103 cu urzici","datePublished":"2026-03-16T16:35:46+00:00","mainEntityOfPage":{"@id":"https:\/\/www.planteea.ro\/blog\/tarta-vegana-cu-urzici\/"},"wordCount":737,"commentCount":0,"publisher":{"@id":"https:\/\/www.planteea.ro\/blog\/#organization"},"image":{"@id":"https:\/\/www.planteea.ro\/blog\/tarta-vegana-cu-urzici\/#primaryimage"},"thumbnailUrl":"https:\/\/www.planteea.ro\/blog\/wp-content\/uploads\/2026\/03\/tarta-spanac.jpg","articleSection":["Beneficii produse naturiste"],"inLanguage":"ro-RO","potentialAction":[{"@type":"CommentAction","name":"Comment","target":["https:\/\/www.planteea.ro\/blog\/tarta-vegana-cu-urzici\/#respond"]}]},{"@type":"WebPage","@id":"https:\/\/www.planteea.ro\/blog\/tarta-vegana-cu-urzici\/","url":"https:\/\/www.planteea.ro\/blog\/tarta-vegana-cu-urzici\/","name":"Tart\u0103 vegan\u0103 cu urzici - Blog Planteea","isPartOf":{"@id":"https:\/\/www.planteea.ro\/blog\/#website"},"primaryImageOfPage":{"@id":"https:\/\/www.planteea.ro\/blog\/tarta-vegana-cu-urzici\/#primaryimage"},"image":{"@id":"https:\/\/www.planteea.ro\/blog\/tarta-vegana-cu-urzici\/#primaryimage"},"thumbnailUrl":"https:\/\/www.planteea.ro\/blog\/wp-content\/uploads\/2026\/03\/tarta-spanac.jpg","datePublished":"2026-03-16T16:35:46+00:00","breadcrumb":{"@id":"https:\/\/www.planteea.ro\/blog\/tarta-vegana-cu-urzici\/#breadcrumb"},"inLanguage":"ro-RO","potentialAction":[{"@type":"ReadAction","target":["https:\/\/www.planteea.ro\/blog\/tarta-vegana-cu-urzici\/"]}]},{"@type":"ImageObject","inLanguage":"ro-RO","@id":"https:\/\/www.planteea.ro\/blog\/tarta-vegana-cu-urzici\/#primaryimage","url":"https:\/\/www.planteea.ro\/blog\/wp-content\/uploads\/2026\/03\/tarta-spanac.jpg","contentUrl":"https:\/\/www.planteea.ro\/blog\/wp-content\/uploads\/2026\/03\/tarta-spanac.jpg","width":1536,"height":650},{"@type":"BreadcrumbList","@id":"https:\/\/www.planteea.ro\/blog\/tarta-vegana-cu-urzici\/#breadcrumb","itemListElement":[{"@type":"ListItem","position":1,"name":"Home","item":"https:\/\/www.planteea.ro\/blog\/"},{"@type":"ListItem","position":2,"name":"Tart\u0103 vegan\u0103 cu urzici"}]},{"@type":"WebSite","@id":"https:\/\/www.planteea.ro\/blog\/#website","url":"https:\/\/www.planteea.ro\/blog\/","name":"Blog Planteea","description":"Un Blog \u00een slujba s\u0103n\u0103t\u0103\u021bii tale.","publisher":{"@id":"https:\/\/www.planteea.ro\/blog\/#organization"},"potentialAction":[{"@type":"SearchAction","target":{"@type":"EntryPoint","urlTemplate":"https:\/\/www.planteea.ro\/blog\/?s={search_term_string}"},"query-input":{"@type":"PropertyValueSpecification","valueRequired":true,"valueName":"search_term_string"}}],"inLanguage":"ro-RO"},{"@type":"Organization","@id":"https:\/\/www.planteea.ro\/blog\/#organization","name":"Planteea","url":"https:\/\/www.planteea.ro\/blog\/","logo":{"@type":"ImageObject","inLanguage":"ro-RO","@id":"https:\/\/www.planteea.ro\/blog\/#\/schema\/logo\/image\/","url":"https:\/\/www.planteea.ro\/blog\/wp-content\/uploads\/2018\/10\/logo-planteea.png","contentUrl":"https:\/\/www.planteea.ro\/blog\/wp-content\/uploads\/2018\/10\/logo-planteea.png","width":148,"height":87,"caption":"Planteea"},"image":{"@id":"https:\/\/www.planteea.ro\/blog\/#\/schema\/logo\/image\/"},"sameAs":["https:\/\/www.facebook.com\/planteea.ro","https:\/\/x.com\/Planteea_Online"]},{"@type":"Person","@id":"https:\/\/www.planteea.ro\/blog\/#\/schema\/person\/25a1f2fa05b6d8b48e1ebeff6d0bb894","name":"Laura","image":{"@type":"ImageObject","inLanguage":"ro-RO","@id":"https:\/\/secure.gravatar.com\/avatar\/352bcfc666715c1cb7cdb1b252318d67ddac815ea2d29e741d314afaa613ee2c?s=96&d=mm&r=g","url":"https:\/\/secure.gravatar.com\/avatar\/352bcfc666715c1cb7cdb1b252318d67ddac815ea2d29e741d314afaa613ee2c?s=96&d=mm&r=g","contentUrl":"https:\/\/secure.gravatar.com\/avatar\/352bcfc666715c1cb7cdb1b252318d67ddac815ea2d29e741d314afaa613ee2c?s=96&d=mm&r=g","caption":"Laura"},"sameAs":["https:\/\/www.planteea.ro\/"],"url":"https:\/\/www.planteea.ro\/blog\/author\/laura-tincu\/"}]}},"_links":{"self":[{"href":"https:\/\/www.planteea.ro\/blog\/wp-json\/wp\/v2\/posts\/6036","targetHints":{"allow":["GET"]}}],"collection":[{"href":"https:\/\/www.planteea.ro\/blog\/wp-json\/wp\/v2\/posts"}],"about":[{"href":"https:\/\/www.planteea.ro\/blog\/wp-json\/wp\/v2\/types\/post"}],"author":[{"embeddable":true,"href":"https:\/\/www.planteea.ro\/blog\/wp-json\/wp\/v2\/users\/19"}],"replies":[{"embeddable":true,"href":"https:\/\/www.planteea.ro\/blog\/wp-json\/wp\/v2\/comments?post=6036"}],"version-history":[{"count":1,"href":"https:\/\/www.planteea.ro\/blog\/wp-json\/wp\/v2\/posts\/6036\/revisions"}],"predecessor-version":[{"id":6042,"href":"https:\/\/www.planteea.ro\/blog\/wp-json\/wp\/v2\/posts\/6036\/revisions\/6042"}],"wp:featuredmedia":[{"embeddable":true,"href":"https:\/\/www.planteea.ro\/blog\/wp-json\/wp\/v2\/media\/6040"}],"wp:attachment":[{"href":"https:\/\/www.planteea.ro\/blog\/wp-json\/wp\/v2\/media?parent=6036"}],"wp:term":[{"taxonomy":"category","embeddable":true,"href":"https:\/\/www.planteea.ro\/blog\/wp-json\/wp\/v2\/categories?post=6036"},{"taxonomy":"post_tag","embeddable":true,"href":"https:\/\/www.planteea.ro\/blog\/wp-json\/wp\/v2\/tags?post=6036"}],"curies":[{"name":"wp","href":"https:\/\/api.w.org\/{rel}","templated":true}]}}