{"id":5577,"date":"2025-04-15T11:50:46","date_gmt":"2025-04-15T08:50:46","guid":{"rendered":"https:\/\/www.planteea.ro\/blog\/?p=5577"},"modified":"2025-04-15T11:51:48","modified_gmt":"2025-04-15T08:51:48","slug":"adevarul-despre-astenia-de-primavara-cauze-simptome-si-solutii","status":"publish","type":"post","link":"https:\/\/www.planteea.ro\/blog\/adevarul-despre-astenia-de-primavara-cauze-simptome-si-solutii\/","title":{"rendered":"Adev\u0103rul despre astenia de prim\u0103var\u0103: cauze, simptome \u0219i solu\u021bii"},"content":{"rendered":"\n<p>C\u00e2nd spui prim\u0103var\u0103, te g\u00e2nde\u0219ti la noi \u00eenceputuri, la planuri de viitor, un stil de via\u021b\u0103 activ \u0219i mult\u0103 energie. Aceasta e fa\u021ba str\u0103lucitoare a prim\u0103verii, \u00eens\u0103 exist\u0103 \u0219i reversul medaliei: astenia de prim\u0103var\u0103, cunoscut\u0103 \u0219i ca febra de prim\u0103var\u0103 (termen inventat de&nbsp;<strong>Mark Twain<\/strong>) sau sindromul sezonier.&nbsp;<\/p>\n\n\n\n<p>De\u0219i exist\u0103 posibilitatea s\u0103 te confrun\u021bi cu acest sindrom sezonier, nu trebuie s\u0103 \u00ee\u021bi la\u0219i prim\u0103vara umbrit\u0103 de o stare temporar\u0103 de disconfort, ci s\u0103 te motivezi s\u0103 o dep\u0103\u0219e\u0219ti c\u00e2t de repede posibil. \u00cen sprijinul t\u0103u, venim cu o serie de l\u0103muriri despre astenia de prim\u0103var\u0103, c\u00e2t \u0219i solu\u021bii eficiente pentru combaterea acesteia.<\/p>\n\n\n\n<p><strong>Ce este astenia de prim\u0103var\u0103 \u0219i cum apare ?<\/strong><\/p>\n\n\n\n<p>E important s\u0103 \u00een\u021belegi c\u0103 astenia de prim\u0103var\u0103 nu este o stare patologic\u0103, ci mai degrab\u0103 o alterare a st\u0103rii generale, caracterizat\u0103 prin<strong>&nbsp;apatie<\/strong>,<strong>&nbsp;lips\u0103 de energie<\/strong>&nbsp;\u0219i&nbsp;<strong>vitalitate<\/strong>. Mai exact, astenia nu este perceput\u0103 drept o afec\u021biune \u00een sine \u0219i nu i se atribuie o gravitate ridicat\u0103.&nbsp;<\/p>\n\n\n\n<p>Cea mai comun\u0103 explica\u021bie a acestui sindrom sezonier este chiar tranzi\u021bia de la iarn\u0103 la prim\u0103var\u0103, c\u00e2nd organismul este \u201efor\u021bat\u201d s\u0103 se adapteze noilor condi\u021bii climatice. Aceast\u0103&nbsp;<strong>tranzi\u021bie de la un anotimp la altul<\/strong>&nbsp;este adesea comparat\u0103 cu efortul pe care trebuie s\u0103-l fac\u0103 organismul pentru a se acomoda la decalajul de fus orar. \u00cen plus, odat\u0103 cu venirea prim\u0103verii, schimb\u0103rile bru\u0219te de temperatur\u0103, care implic\u0103 alternan\u021ba zilelor \u00eensorite cu zile friguroase, \u00een care ninge sau plou\u0103 abundent, solicit\u0103 organismul mai mult dec\u00e2t de obicei.&nbsp;<\/p>\n\n\n\n<p>E important s\u0103 \u00een\u021belegi c\u0103 astenia de prim\u0103var\u0103 nu este o stare patologic\u0103, ci mai degrab\u0103 o alterare a st\u0103rii generale, caracterizat\u0103 prin<strong>&nbsp;apatie<\/strong>,<strong>&nbsp;lips\u0103 de energie<\/strong>&nbsp;\u0219i&nbsp;<strong>vitalitate<\/strong>. Mai exact, astenia nu este perceput\u0103 drept o afec\u021biune \u00een sine \u0219i nu i se atribuie o gravitate ridicat\u0103.&nbsp;<\/p>\n\n\n\n<p>Cea mai comun\u0103 explica\u021bie a acestui sindrom sezonier este chiar tranzi\u021bia de la iarn\u0103 la prim\u0103var\u0103, c\u00e2nd organismul este \u201efor\u021bat\u201d s\u0103 se adapteze noilor condi\u021bii climatice. Aceast\u0103&nbsp;<strong>tranzi\u021bie de la un anotimp la altul<\/strong>&nbsp;este adesea comparat\u0103 cu efortul pe care trebuie s\u0103-l fac\u0103 organismul pentru a se acomoda la decalajul de fus orar. \u00cen plus, odat\u0103 cu venirea prim\u0103verii, schimb\u0103rile bru\u0219te de temperatur\u0103, care implic\u0103 alternan\u021ba zilelor \u00eensorite cu zile friguroase, \u00een care ninge sau plou\u0103 abundent, solicit\u0103 organismul mai mult dec\u00e2t de obicei.&nbsp;<\/p>\n\n\n<div class=\"wp-block-image\">\n<figure class=\"aligncenter size-full is-resized\"><img loading=\"lazy\" decoding=\"async\" width=\"780\" height=\"429\" src=\"https:\/\/www.planteea.ro\/blog\/wp-content\/uploads\/2025\/04\/image.png\" alt=\"\" class=\"wp-image-5578\" style=\"width:675px;height:auto\" srcset=\"https:\/\/www.planteea.ro\/blog\/wp-content\/uploads\/2025\/04\/image.png 780w, https:\/\/www.planteea.ro\/blog\/wp-content\/uploads\/2025\/04\/image-500x275.png 500w\" sizes=\"auto, (max-width: 780px) 100vw, 780px\" \/><\/figure>\n<\/div>\n\n\n<p>De asemenea, astenia de prim\u0103var\u0103 poate fi explicat\u0103 \u0219i prin&nbsp;<strong>modul \u00een care creierul nostru reac\u021bioneaz\u0103 la stimuli exteriori precum lumina \u0219i \u00eentunericul<\/strong>. Atunci c\u00e2nd retina sesizeaz\u0103 lumin\u0103, creierul nostru produce serotonin\u0103, cunoscut\u0103 \u0219i drept \u201ehormonul fericirii\u201d, responsabil\u0103 pentru starea de bine general\u0103. Pe m\u0103sur\u0103 ce afar\u0103 se \u00eennopteaz\u0103,&nbsp;<strong>serotonina<\/strong>&nbsp;este convertit\u0103 \u00een melatonin\u0103, \u201ehormonul \u00eentunericului\u201d, substan\u021b\u0103 esen\u021bial\u0103 \u00een asigurarea unui somn de calitate.&nbsp;<\/p>\n\n\n\n<p><a href=\"https:\/\/www.planteea.ro\/suplimente\/capsule-melatonina\/\"><strong>Melatonina<\/strong>\u00a0<\/a>este secretat\u0103 pe toat\u0103 durata nop\u021bii. Cum iarna, nop\u021bile sunt mai lungi, la \u00eenceput de prim\u0103var\u0103, rezerva de serotonin\u0103 este afectat\u0103, motiv pentru care te po\u021bi confrunta cu o u\u0219oar\u0103 apatie. Acest\u0103 schimbare \u00een ritmul de veghe-somn poate declan\u0219a astenia de prim\u0103var\u0103, denumit\u0103 \u0219i sindrom sezonier. La\u00a0<strong>modificarea ritmului de veghe-somn<\/strong>\u00a0contribuie \u0219i trecerea la ora de var\u0103.<\/p>\n\n\n\n<p>Dup\u0103 cum vezi, prim\u0103vara impune organismului o dinamic\u0103 hormonal\u0103 pu\u021bin diferit\u0103, comparativ cu lunile de iarn\u0103. Un alt factor const\u0103 \u00een faptul c\u0103 iarna, din cauza cantit\u0103\u021bii reduse de lumin\u0103,&nbsp;<strong>nivelul de endorfine scade<\/strong>, modificare care poate cauza inclusiv anxietate sau depresie. Endorfinele au rolul de a masca oboseala \u0219i sunt secretate \u00een cantit\u0103\u021bi generoase, mai ales \u00een urma exerci\u021biilor fizice. Dac\u0103 iarna avem tendin\u021ba de a deveni mai sedentari, aceasta e o alt\u0103 cauz\u0103 care contribuie la reducerea nivelului de endorfine din organism. Adaptarea la schimb\u0103rile pe care le aduce prim\u0103vara este necesar\u0103, \u00eens\u0103 presupune un consum mai mare de efort \u0219i energie.<\/p>\n\n\n\n<p>Printre alte&nbsp;<strong>cauze ale asteniei de prim\u0103var\u0103<\/strong>&nbsp;se reg\u0103sesc&nbsp;<strong>alergiile sezoniere<\/strong>, precum cea la polen sau la acarienii de praf.<\/p>\n\n\n\n<p>Exist\u0103 \u0219i posibilitatea ca starea de oboseal\u0103 intens\u0103, corelat\u0103 cu astenia, s\u0103 fie de fapt unul dintre&nbsp;<strong>simptomele<\/strong>&nbsp;care indic\u0103 alte afec\u021biuni precum:&nbsp;<\/p>\n\n\n\n<ul class=\"wp-block-list\">\n<li>apneea nocturn\u0103 (oprire temporar\u0103 a respira\u021biei, mai ales \u00een timpul somnului);<\/li>\n\n\n\n<li>anemia;<\/li>\n\n\n\n<li>hipotiroidismul;<\/li>\n\n\n\n<li>diabetul sau alte boli cardiovasculare;<\/li>\n\n\n\n<li>depresia.<\/li>\n<\/ul>\n\n\n\n<p>De asemenea, acest tip de sl\u0103biciune poate ap\u0103rea \u0219i ca o reac\u021bie advers\u0103 \u00een urma tratamentului cu antidepresive sau statine, indicate \u00een reducerea valorii colesterolului din s\u00e2nge.<\/p>\n\n\n\n<p>De asemenea, astenia de prim\u0103var\u0103 poate fi explicat\u0103 \u0219i prin&nbsp;<strong>modul \u00een care creierul nostru reac\u021bioneaz\u0103 la stimuli exteriori precum lumina \u0219i \u00eentunericul<\/strong>. Atunci c\u00e2nd retina sesizeaz\u0103 lumin\u0103, creierul nostru produce serotonin\u0103, cunoscut\u0103 \u0219i drept \u201ehormonul fericirii\u201d, responsabil\u0103 pentru starea de bine general\u0103. Pe m\u0103sur\u0103 ce afar\u0103 se \u00eennopteaz\u0103,&nbsp;<strong>serotonina<\/strong>&nbsp;este convertit\u0103 \u00een melatonin\u0103, \u201ehormonul \u00eentunericului\u201d, substan\u021b\u0103 esen\u021bial\u0103 \u00een asigurarea unui somn de calitate.&nbsp;<\/p>\n\n\n\n<p><strong>Melatonina<\/strong>&nbsp;este secretat\u0103 pe toat\u0103 durata nop\u021bii. Cum iarna, nop\u021bile sunt mai lungi, la \u00eenceput de prim\u0103var\u0103, rezerva de serotonin\u0103 este afectat\u0103, motiv pentru care te po\u021bi confrunta cu o u\u0219oar\u0103 apatie. Acest\u0103 schimbare \u00een ritmul de veghe-somn poate declan\u0219a astenia de prim\u0103var\u0103, denumit\u0103 \u0219i sindrom sezonier. La&nbsp;<strong>modificarea ritmului de veghe-somn<\/strong>&nbsp;contribuie \u0219i trecerea la ora de var\u0103.<\/p>\n\n\n\n<p>Dup\u0103 cum vezi, prim\u0103vara impune organismului o dinamic\u0103 hormonal\u0103 pu\u021bin diferit\u0103, comparativ cu lunile de iarn\u0103. Un alt factor const\u0103 \u00een faptul c\u0103 iarna, din cauza cantit\u0103\u021bii reduse de lumin\u0103,&nbsp;<strong>nivelul de endorfine scade<\/strong>, modificare care poate cauza inclusiv anxietate sau depresie. Endorfinele au rolul de a masca oboseala \u0219i sunt secretate \u00een cantit\u0103\u021bi generoase, mai ales \u00een urma exerci\u021biilor fizice. Dac\u0103 iarna avem tendin\u021ba de a deveni mai sedentari, aceasta e o alt\u0103 cauz\u0103 care contribuie la reducerea nivelului de endorfine din organism. Adaptarea la schimb\u0103rile pe care le aduce prim\u0103vara este necesar\u0103, \u00eens\u0103 presupune un consum mai mare de efort \u0219i energie.<\/p>\n\n\n\n<p>Printre alte&nbsp;<strong>cauze ale asteniei de prim\u0103var\u0103<\/strong>&nbsp;se reg\u0103sesc&nbsp;<strong>alergiile sezoniere<\/strong>, precum cea la polen sau la acarienii de praf.<\/p>\n\n\n\n<p>Exist\u0103 \u0219i posibilitatea ca starea de oboseal\u0103 intens\u0103, corelat\u0103 cu astenia, s\u0103 fie de fapt unul dintre&nbsp;<strong>simptomele<\/strong>&nbsp;care indic\u0103 alte afec\u021biuni precum:&nbsp;<\/p>\n\n\n\n<ul class=\"wp-block-list\">\n<li>apneea nocturn\u0103 (oprire temporar\u0103 a respira\u021biei, mai ales \u00een timpul somnului);<\/li>\n\n\n\n<li>anemia;<\/li>\n\n\n\n<li>hipotiroidismul;<\/li>\n\n\n\n<li>diabetul sau alte boli cardiovasculare;<\/li>\n\n\n\n<li>depresia.<\/li>\n<\/ul>\n\n\n\n<p><strong>Simptome comune ale asteniei de prim\u0103var\u0103<\/strong><\/p>\n\n\n\n<p>De regul\u0103, semnele asteniei de prim\u0103var\u0103&nbsp;<strong>se manifest\u0103 adesea pe dou\u0103 planuri, fizic \u0219i emo\u021bional<\/strong>, cre\u00e2nd un mix de st\u0103ri \u0219i senza\u021bii care pot fi dificil de gestionat. Exist\u0103 \u0219i cazuri \u00een care astenia se manifest\u0103 doar la nivel fizic.<\/p>\n\n\n<div class=\"wp-block-image\">\n<figure class=\"aligncenter size-full is-resized\"><img loading=\"lazy\" decoding=\"async\" width=\"780\" height=\"429\" src=\"https:\/\/www.planteea.ro\/blog\/wp-content\/uploads\/2025\/04\/image-1.png\" alt=\"\" class=\"wp-image-5579\" style=\"width:638px;height:auto\" srcset=\"https:\/\/www.planteea.ro\/blog\/wp-content\/uploads\/2025\/04\/image-1.png 780w, https:\/\/www.planteea.ro\/blog\/wp-content\/uploads\/2025\/04\/image-1-500x275.png 500w\" sizes=\"auto, (max-width: 780px) 100vw, 780px\" \/><\/figure>\n<\/div>\n\n\n<p>Printre semnalele de alarm\u0103 de natur\u0103 fizic\u0103, cele mai comune sunt:&nbsp;<\/p>\n\n\n\n<ul class=\"wp-block-list\">\n<li>senza\u021bia permanent\u0103 de oboseal\u0103;<\/li>\n\n\n\n<li>crampe musculare, mai ales la nivelul bra\u021belor \u0219i al picioarelor;<\/li>\n\n\n\n<li>lentoare;<\/li>\n\n\n\n<li>tremur;<\/li>\n\n\n\n<li>ame\u021beli \u0219i dureri de cap.<\/li>\n<\/ul>\n\n\n\n<p>Uneori, acestea simptome sunt dublate de un disconfort psihic, caracterizat prin lips\u0103 de concentrare, confuzie, irascibilitate sau lips\u0103 de motiva\u021bie \u00een ceea ce prive\u0219te sarcinile zilnice.<\/p>\n\n\n\n<p>Dac\u0103 starea de oboseal\u0103 \u0219i apatie dep\u0103\u0219e\u0219te un interval de&nbsp;<strong>2 \u2013 3 s\u0103pt\u0103m\u00e2ni<\/strong>, este indicat s\u0103 te adresezi unui&nbsp;<strong>medic internist<\/strong>&nbsp;\u00een vederea unui consult \u0219i a efectu\u0103rii analizelor de s\u00e2nge.<\/p>\n\n\n\n<p><strong>Combate eficient astenia de prim\u0103var\u0103: solu\u021bii naturale mai pu\u021bin cunoscute<\/strong><\/p>\n\n\n\n<p>Vestea bun\u0103 este c\u0103 \u0219i \u00een aceast\u0103 situa\u021bie, natura \u00ee\u021bi sare \u00een ajutor cu o palet\u0103 de&nbsp;<strong>solu\u021bii s\u0103n\u0103toase \u0219i accesibile pentru a ameliora aceast\u0103 stare<\/strong>. Pe l\u00e2ng\u0103 regulile de aur (somn de calitate, alimenta\u021bie bogat\u0103 \u00een fructe \u0219i legume, hidratare, exerci\u021bii fizice regulate), exist\u0103 o serie de remedii naturale de care merit\u0103 s\u0103 \u021bii cont.<\/p>\n\n\n\n<p>Ai \u00eencredere \u00een farmacia naturii \u0219i \u00eent\u00e2mpin\u0103 prim\u0103vara cu bra\u021bele deschise!<\/p>\n\n\n\n<ul class=\"wp-block-list\">\n<li><em>Leacul albinu\u021belor pentru astenie: cur\u0103 cu polen crud<\/em><\/li>\n<\/ul>\n\n\n<div class=\"wp-block-image\">\n<figure class=\"aligncenter size-full is-resized\"><img loading=\"lazy\" decoding=\"async\" width=\"780\" height=\"429\" src=\"https:\/\/www.planteea.ro\/blog\/wp-content\/uploads\/2025\/04\/image-2.png\" alt=\"\" class=\"wp-image-5580\" style=\"width:740px;height:auto\" srcset=\"https:\/\/www.planteea.ro\/blog\/wp-content\/uploads\/2025\/04\/image-2.png 780w, https:\/\/www.planteea.ro\/blog\/wp-content\/uploads\/2025\/04\/image-2-500x275.png 500w\" sizes=\"auto, (max-width: 780px) 100vw, 780px\" \/><\/figure>\n<\/div>\n\n\n<p><strong><a href=\"https:\/\/www.planteea.ro\/apicole\/polen-crud\/\">Polenul apicol curd<\/a><\/strong>\u00a0are capacitatea de a\u00a0<strong>regenera organismul<\/strong>, iar comparativ cu polenul uscat, acesta conserv\u0103 mult mai bine propriet\u0103\u021bile vitaminelor \u0219i enzimelor pe care le are \u00een compozi\u021bie. Despre leacul albinu\u021belor se spune c\u0103 are\u00a0<strong>efect revigorant<\/strong>\u00a0\u0219i\u00a0<strong>\u00eent\u0103ritor\u00a0<\/strong>asupra organismului afectat de o stare de sl\u0103biciune generalizat\u0103.<\/p>\n\n\n\n<p>\u00cen plus,\u00a0<strong>polenul crud<\/strong>\u00a0normalizeaz\u0103 func\u021biile neurologice \u0219i sus\u021bine buna func\u021bionare a inimii \u0219i a ficatului, organ esen\u021bial \u00een procesul natural de detoxifiere a organismului. <\/p>\n\n\n\n<p>U\u0219or de g\u0103sit pe pia\u021b\u0103,\u00a0<strong><a href=\"https:\/\/www.planteea.ro\/apicole\/polen-crud-poliflor\/\">polenul crud poliflor\u00a0<\/a><\/strong>este una dintre cele mai bune alegeri pentru c\u0103 este mult mai bogat nutri\u021bional, comparativ cu polenul monoflor (provenit de la maximum 2 specii florale).<\/p>\n\n\n\n<p>\u00cen ceea ce prive\u0219te administrarea corect\u0103, este indicat s\u0103 consumi&nbsp;<strong>2 linguri\u021be pe zi<\/strong>, dup\u0103 mesele principale. O cur\u0103 cu polen crud dureaz\u0103 \u00een jur de&nbsp;<strong>5 zile<\/strong>, ulterior fiind necesare&nbsp;<strong>2 zile de pauz\u0103<\/strong>. Nu sc\u0103pa din vedere c\u0103 acest remediu nu este recomandat persoanelor alergice la polen sau celor diagnosticate cu diabet deoarece polenul con\u021bine glucide.&nbsp;<\/p>\n\n\n\n<ul class=\"wp-block-list\">\n<li><em>M\u0103ce\u0219ele: sursa ta natural\u0103 de vitamina C<\/em><\/li>\n<\/ul>\n\n\n<div class=\"wp-block-image\">\n<figure class=\"aligncenter size-full is-resized\"><img loading=\"lazy\" decoding=\"async\" width=\"780\" height=\"429\" src=\"https:\/\/www.planteea.ro\/blog\/wp-content\/uploads\/2025\/04\/image-3.png\" alt=\"\" class=\"wp-image-5581\" style=\"width:693px;height:auto\" srcset=\"https:\/\/www.planteea.ro\/blog\/wp-content\/uploads\/2025\/04\/image-3.png 780w, https:\/\/www.planteea.ro\/blog\/wp-content\/uploads\/2025\/04\/image-3-500x275.png 500w\" sizes=\"auto, (max-width: 780px) 100vw, 780px\" \/><\/figure>\n<\/div>\n\n\n<p>La \u00eenceput de prim\u0103var\u0103, consumul de\u00a0<strong>vitamina C<\/strong>\u00a0nu trebuie abandonat, mai ales dac\u0103 \u00ee\u021bi po\u021bi asigura necesarul dintr-o surs\u0103 100% natural\u0103 \u0219i versatil\u0103. Acestea pot fi consumate at\u00e2t uscate, c\u00e2t \u0219i sub form\u0103 de\u00a0<strong>pulbere de m\u0103ce\u0219e<\/strong>\u00a0sau chiar\u00a0<strong><a href=\"https:\/\/www.planteea.ro\/ceai-cafea-cacao\/ceai-macese\/\">ceai de m\u0103ce\u0219e<\/a><\/strong>, \u00eendulcit cu miere de albine.<\/p>\n\n\n\n<p>Dac\u0103 te \u00eentrebi cum te pot ajuta m\u0103ce\u0219ele \u00een caz de astenie, trebuie s\u0103 \u0219tii c\u0103 m\u0103ce\u0219ele&nbsp;<strong>fortific\u0103 organismul<\/strong>,&nbsp;<strong>stimuleaz\u0103 apetitul&nbsp;<\/strong>\u0219i&nbsp;<strong>previn anemia<\/strong>. Acestea reu\u0219esc cu brio s\u0103 controleze st\u0103rile de sl\u0103biciune \u0219i oboseal\u0103 \u0219i au efect benefic asupra st\u0103rilor de nervozitate.&nbsp;&nbsp;<\/p>\n\n\n\n<p><strong>Complexul de vitamina B (B1, B2, B3)<\/strong>&nbsp;din compozi\u021bia m\u0103ce\u0219elor constituie un alt plus. Cum astenia se manifest\u0103 \u0219i \u00een plan emo\u021bional, accentu\u00e2nd st\u0103rile de apatie sau irascibilitate, aceast\u0103 vitamin\u0103 este de mare ajutor, fiind popular\u0103 pentru efectul benefic asupra sistemului nervos.&nbsp;<\/p>\n\n\n\n<p>Referitor la modul de administrare \u00een caz de astenie, cura cu m\u0103ce\u0219e este indicat\u0103 pentru o perioad\u0103 de&nbsp;<strong>aproximativ o lun\u0103<\/strong>.<\/p>\n\n\n\n<ul class=\"wp-block-list\">\n<li><em>Uleiul de c\u0103tin\u0103: tonic fizic \u0219i psihic<\/em><\/li>\n<\/ul>\n\n\n<div class=\"wp-block-image\">\n<figure class=\"aligncenter size-full is-resized\"><img loading=\"lazy\" decoding=\"async\" width=\"780\" height=\"429\" src=\"https:\/\/www.planteea.ro\/blog\/wp-content\/uploads\/2025\/04\/image-4.png\" alt=\"\" class=\"wp-image-5582\" style=\"width:711px;height:auto\" srcset=\"https:\/\/www.planteea.ro\/blog\/wp-content\/uploads\/2025\/04\/image-4.png 780w, https:\/\/www.planteea.ro\/blog\/wp-content\/uploads\/2025\/04\/image-4-500x275.png 500w\" sizes=\"auto, (max-width: 780px) 100vw, 780px\" \/><\/figure>\n<\/div>\n\n\n<p>Uleiul de c\u0103tin\u0103, mai ales cel presat la rece, ac\u021bioneaz\u0103 pe dou\u0103 planuri, at\u00e2t fizic, c\u00e2t \u0219i emo\u021bional. Acest antioxidant natural puternic func\u021bioneaz\u0103 ca&nbsp;<strong>imunomodulator<\/strong>&nbsp;\u0219i are<strong>&nbsp;efect<\/strong>&nbsp;<strong>protector asupra mucoaselor oculare<\/strong>,&nbsp;<strong>gastrice<\/strong>&nbsp;\u0219i&nbsp;<strong>respiratorii<\/strong>. Altfel spus, este de mare ajutor pentru ameliorarea sl\u0103biciunii, adesea asociat\u0103 \u0219i cu senza\u021bia de ochi obosi\u021bi.&nbsp;<\/p>\n\n\n\n<p>\u00cen plan emo\u021bional,\u00a0<strong><a href=\"https:\/\/www.planteea.ro\/uleiuri-terapeutice\/catina\/\">uleiul de c\u0103tin\u0103<\/a><\/strong>\u00a0este renumit pentru<strong>\u00a0efectul calmant<\/strong>, ideal pentru destinderea \u00eentregului organism. Con\u021binutul de\u00a0<strong>vitamina E<\/strong>\u00a0este de asemenea prielnic pentru s\u0103n\u0103tatea sistemului nervos, prevenind tulbur\u0103rile de anxietate sau depresie. Modul ideal de administrare este sub form\u0103 de pic\u0103turi, diluate \u00een ap\u0103 sau\u00a0<strong><a href=\"https:\/\/www.planteea.ro\/miere-de-albine\/\">miere de albine<\/a><\/strong>. Dac\u0103 preferi administrarea sub form\u0103 de capsule, exist\u0103 \u0219i aceast\u0103 variant\u0103.<\/p>\n\n\n\n<ul class=\"wp-block-list\">\n<li><em>Bitterul suedez: extract din plante cu efect \u00eent\u0103ritor<\/em><\/li>\n<\/ul>\n\n\n<div class=\"wp-block-image\">\n<figure class=\"aligncenter size-full\"><img loading=\"lazy\" decoding=\"async\" width=\"780\" height=\"429\" src=\"https:\/\/www.planteea.ro\/blog\/wp-content\/uploads\/2025\/04\/image-5.png\" alt=\"\" class=\"wp-image-5583\" srcset=\"https:\/\/www.planteea.ro\/blog\/wp-content\/uploads\/2025\/04\/image-5.png 780w, https:\/\/www.planteea.ro\/blog\/wp-content\/uploads\/2025\/04\/image-5-500x275.png 500w\" sizes=\"auto, (max-width: 780px) 100vw, 780px\" \/><\/figure>\n<\/div>\n\n\n<p>Acest elixir pe baz\u0103 de plante (senna, \u0219ofran, armurariu, smirn\u0103, camfor, extract de aloe, nuc\u0219oar\u0103 etc.) este cunoscut drept un&nbsp;<strong>reglator eficient al sistemului nervos<\/strong>, motiv pentru care \u00ee\u021bi poate fi un sprijin de n\u0103dejde \u00een caz de astenie.<\/p>\n\n\n\n<p>\u00cen plus,\u00a0<strong><a href=\"https:\/\/www.planteea.ro\/bitter\/\">bitterul suedez<\/a><\/strong>\u00a0stimuleaz\u0103 digestia \u0219i ac\u021bioneaz\u0103 ca\u00a0<strong>hepatoprotector<\/strong>, sus\u021bin\u00e2nd procesul de eliminare a toxinelor din organism. Acest remediu are\u00a0<strong>efect vitalizant<\/strong>\u00a0\u0219i se administreaz\u0103 foarte u\u0219or. Po\u021bi alege s\u0103-l consumi at\u00e2t sub form\u0103 de\u00a0<strong>pic\u0103turi<\/strong>\u00a0diluate \u00een ap\u0103, c\u00e2t \u0219i \u00een varianta de\u00a0capsule gelatinoase. Tratamentul cu bitter suedez e recomandat pe o perioad\u0103 de aproximativ\u00a0<strong>2<\/strong>\u00a0<strong>\u2013 4 s\u0103pt\u0103m\u00e2ni<\/strong>.<\/p>\n\n\n\n<p>Un lucru este cert: astenia de prim\u0103var\u0103 exist\u0103, \u00eens\u0103 nu e cazul s\u0103 te \u00eengrijorezi dac\u0103 sim\u021bi c\u0103 \u00ee\u021bi d\u0103 t\u00e2rcoale. Concentreaz\u0103-te asupra unui stil de via\u021b\u0103 s\u0103n\u0103tos \u0219i testeaz\u0103 \u0219i tu solu\u021biile naturale despre care \u021bi-am povestit. \u00cens\u0103, dac\u0103 sim\u021bi c\u0103 starea de epuizare persist\u0103, ia \u00eentotdeauna \u00een calcul un consult medical \u00een vederea prescrierii unui tratament \u021bintit.<\/p>\n\n\n\n<p>\u00cen ajutorul t\u0103u vine\u00a0<a href=\"https:\/\/www.planteea.ro\/\">Planteea.ro<\/a>, unde g\u0103se\u0219ti o varietate de produse s\u0103n\u0103toase care \u00ee\u021bi sus\u021bin organismul \u00een mod eficient, indiferent de anotimp.<\/p>\n\n\n\n<p>Alege tot ce ai nevoie \u0219i \u00eenfrunt\u0103 cu succes provoc\u0103rile prim\u0103verii!&nbsp;<\/p>\n","protected":false},"excerpt":{"rendered":"<p>C\u00e2nd spui prim\u0103var\u0103, te g\u00e2nde\u0219ti la noi \u00eenceputuri, la planuri de viitor, un stil de via\u021b\u0103 activ \u0219i mult\u0103 energie.&hellip;<\/p>\n","protected":false},"author":19,"featured_media":5584,"comment_status":"open","ping_status":"open","sticky":false,"template":"","format":"standard","meta":{"footnotes":""},"categories":[1,10,9],"tags":[],"class_list":["post-5577","post","type-post","status-publish","format-standard","has-post-thumbnail","hentry","category-produse-naturiste","category-curative","category-remedii-naturiste"],"fimg_url":"https:\/\/www.planteea.ro\/blog\/wp-content\/uploads\/2025\/04\/BR57xjLZMF3t.jpg","yoast_head":"<!-- This site is optimized with the Yoast SEO Premium plugin v24.0 (Yoast SEO v27.5) - https:\/\/yoast.com\/product\/yoast-seo-premium-wordpress\/ -->\n<title>Adev\u0103rul despre astenia de prim\u0103var\u0103: cauze, simptome \u0219i solu\u021bii - Blog Planteea<\/title>\n<meta name=\"robots\" content=\"index, follow, max-snippet:-1, max-image-preview:large, max-video-preview:-1\" \/>\n<link rel=\"canonical\" href=\"https:\/\/www.planteea.ro\/blog\/adevarul-despre-astenia-de-primavara-cauze-simptome-si-solutii\/\" \/>\n<meta property=\"og:locale\" content=\"ro_RO\" \/>\n<meta property=\"og:type\" content=\"article\" \/>\n<meta property=\"og:title\" content=\"Adev\u0103rul despre astenia de prim\u0103var\u0103: cauze, simptome \u0219i solu\u021bii\" \/>\n<meta property=\"og:description\" content=\"C\u00e2nd spui prim\u0103var\u0103, te g\u00e2nde\u0219ti la noi \u00eenceputuri, la planuri de viitor, un stil de via\u021b\u0103 activ \u0219i mult\u0103 energie.&hellip;\" \/>\n<meta property=\"og:url\" content=\"https:\/\/www.planteea.ro\/blog\/adevarul-despre-astenia-de-primavara-cauze-simptome-si-solutii\/\" \/>\n<meta property=\"og:site_name\" content=\"Blog Planteea\" \/>\n<meta property=\"article:publisher\" content=\"https:\/\/www.facebook.com\/planteea.ro\" \/>\n<meta property=\"article:published_time\" content=\"2025-04-15T08:50:46+00:00\" \/>\n<meta property=\"article:modified_time\" content=\"2025-04-15T08:51:48+00:00\" \/>\n<meta property=\"og:image\" content=\"https:\/\/www.planteea.ro\/blog\/wp-content\/uploads\/2025\/04\/BR57xjLZMF3t.jpg\" \/>\n\t<meta property=\"og:image:width\" content=\"768\" \/>\n\t<meta property=\"og:image:height\" content=\"512\" \/>\n\t<meta property=\"og:image:type\" content=\"image\/jpeg\" \/>\n<meta name=\"author\" content=\"Laura\" \/>\n<meta name=\"twitter:card\" content=\"summary_large_image\" \/>\n<meta name=\"twitter:creator\" content=\"@Planteea_Online\" \/>\n<meta name=\"twitter:site\" content=\"@Planteea_Online\" \/>\n<meta name=\"twitter:label1\" content=\"Scris de\" \/>\n\t<meta name=\"twitter:data1\" content=\"Laura\" \/>\n\t<meta name=\"twitter:label2\" content=\"Timp estimat pentru citire\" \/>\n\t<meta name=\"twitter:data2\" content=\"12 minute\" \/>\n<script type=\"application\/ld+json\" class=\"yoast-schema-graph\">{\"@context\":\"https:\\\/\\\/schema.org\",\"@graph\":[{\"@type\":\"Article\",\"@id\":\"https:\\\/\\\/www.planteea.ro\\\/blog\\\/adevarul-despre-astenia-de-primavara-cauze-simptome-si-solutii\\\/#article\",\"isPartOf\":{\"@id\":\"https:\\\/\\\/www.planteea.ro\\\/blog\\\/adevarul-despre-astenia-de-primavara-cauze-simptome-si-solutii\\\/\"},\"author\":{\"name\":\"Laura\",\"@id\":\"https:\\\/\\\/www.planteea.ro\\\/blog\\\/#\\\/schema\\\/person\\\/25a1f2fa05b6d8b48e1ebeff6d0bb894\"},\"headline\":\"Adev\u0103rul despre astenia de prim\u0103var\u0103: cauze, simptome \u0219i solu\u021bii\",\"datePublished\":\"2025-04-15T08:50:46+00:00\",\"dateModified\":\"2025-04-15T08:51:48+00:00\",\"mainEntityOfPage\":{\"@id\":\"https:\\\/\\\/www.planteea.ro\\\/blog\\\/adevarul-despre-astenia-de-primavara-cauze-simptome-si-solutii\\\/\"},\"wordCount\":2153,\"commentCount\":2,\"publisher\":{\"@id\":\"https:\\\/\\\/www.planteea.ro\\\/blog\\\/#organization\"},\"image\":{\"@id\":\"https:\\\/\\\/www.planteea.ro\\\/blog\\\/adevarul-despre-astenia-de-primavara-cauze-simptome-si-solutii\\\/#primaryimage\"},\"thumbnailUrl\":\"https:\\\/\\\/www.planteea.ro\\\/blog\\\/wp-content\\\/uploads\\\/2025\\\/04\\\/BR57xjLZMF3t.jpg\",\"articleSection\":[\"Beneficii produse naturiste\",\"Curative\",\"Remedii naturiste\"],\"inLanguage\":\"ro-RO\",\"potentialAction\":[{\"@type\":\"CommentAction\",\"name\":\"Comment\",\"target\":[\"https:\\\/\\\/www.planteea.ro\\\/blog\\\/adevarul-despre-astenia-de-primavara-cauze-simptome-si-solutii\\\/#respond\"]}]},{\"@type\":\"WebPage\",\"@id\":\"https:\\\/\\\/www.planteea.ro\\\/blog\\\/adevarul-despre-astenia-de-primavara-cauze-simptome-si-solutii\\\/\",\"url\":\"https:\\\/\\\/www.planteea.ro\\\/blog\\\/adevarul-despre-astenia-de-primavara-cauze-simptome-si-solutii\\\/\",\"name\":\"Adev\u0103rul despre astenia de prim\u0103var\u0103: cauze, simptome \u0219i solu\u021bii - Blog Planteea\",\"isPartOf\":{\"@id\":\"https:\\\/\\\/www.planteea.ro\\\/blog\\\/#website\"},\"primaryImageOfPage\":{\"@id\":\"https:\\\/\\\/www.planteea.ro\\\/blog\\\/adevarul-despre-astenia-de-primavara-cauze-simptome-si-solutii\\\/#primaryimage\"},\"image\":{\"@id\":\"https:\\\/\\\/www.planteea.ro\\\/blog\\\/adevarul-despre-astenia-de-primavara-cauze-simptome-si-solutii\\\/#primaryimage\"},\"thumbnailUrl\":\"https:\\\/\\\/www.planteea.ro\\\/blog\\\/wp-content\\\/uploads\\\/2025\\\/04\\\/BR57xjLZMF3t.jpg\",\"datePublished\":\"2025-04-15T08:50:46+00:00\",\"dateModified\":\"2025-04-15T08:51:48+00:00\",\"breadcrumb\":{\"@id\":\"https:\\\/\\\/www.planteea.ro\\\/blog\\\/adevarul-despre-astenia-de-primavara-cauze-simptome-si-solutii\\\/#breadcrumb\"},\"inLanguage\":\"ro-RO\",\"potentialAction\":[{\"@type\":\"ReadAction\",\"target\":[\"https:\\\/\\\/www.planteea.ro\\\/blog\\\/adevarul-despre-astenia-de-primavara-cauze-simptome-si-solutii\\\/\"]}]},{\"@type\":\"ImageObject\",\"inLanguage\":\"ro-RO\",\"@id\":\"https:\\\/\\\/www.planteea.ro\\\/blog\\\/adevarul-despre-astenia-de-primavara-cauze-simptome-si-solutii\\\/#primaryimage\",\"url\":\"https:\\\/\\\/www.planteea.ro\\\/blog\\\/wp-content\\\/uploads\\\/2025\\\/04\\\/BR57xjLZMF3t.jpg\",\"contentUrl\":\"https:\\\/\\\/www.planteea.ro\\\/blog\\\/wp-content\\\/uploads\\\/2025\\\/04\\\/BR57xjLZMF3t.jpg\",\"width\":768,\"height\":512},{\"@type\":\"BreadcrumbList\",\"@id\":\"https:\\\/\\\/www.planteea.ro\\\/blog\\\/adevarul-despre-astenia-de-primavara-cauze-simptome-si-solutii\\\/#breadcrumb\",\"itemListElement\":[{\"@type\":\"ListItem\",\"position\":1,\"name\":\"Home\",\"item\":\"https:\\\/\\\/www.planteea.ro\\\/blog\\\/\"},{\"@type\":\"ListItem\",\"position\":2,\"name\":\"Adev\u0103rul despre astenia de prim\u0103var\u0103: cauze, simptome \u0219i solu\u021bii\"}]},{\"@type\":\"WebSite\",\"@id\":\"https:\\\/\\\/www.planteea.ro\\\/blog\\\/#website\",\"url\":\"https:\\\/\\\/www.planteea.ro\\\/blog\\\/\",\"name\":\"Blog Planteea\",\"description\":\"Un Blog \u00een slujba s\u0103n\u0103t\u0103\u021bii tale.\",\"publisher\":{\"@id\":\"https:\\\/\\\/www.planteea.ro\\\/blog\\\/#organization\"},\"potentialAction\":[{\"@type\":\"SearchAction\",\"target\":{\"@type\":\"EntryPoint\",\"urlTemplate\":\"https:\\\/\\\/www.planteea.ro\\\/blog\\\/?s={search_term_string}\"},\"query-input\":{\"@type\":\"PropertyValueSpecification\",\"valueRequired\":true,\"valueName\":\"search_term_string\"}}],\"inLanguage\":\"ro-RO\"},{\"@type\":\"Organization\",\"@id\":\"https:\\\/\\\/www.planteea.ro\\\/blog\\\/#organization\",\"name\":\"Planteea\",\"url\":\"https:\\\/\\\/www.planteea.ro\\\/blog\\\/\",\"logo\":{\"@type\":\"ImageObject\",\"inLanguage\":\"ro-RO\",\"@id\":\"https:\\\/\\\/www.planteea.ro\\\/blog\\\/#\\\/schema\\\/logo\\\/image\\\/\",\"url\":\"https:\\\/\\\/www.planteea.ro\\\/blog\\\/wp-content\\\/uploads\\\/2018\\\/10\\\/logo-planteea.png\",\"contentUrl\":\"https:\\\/\\\/www.planteea.ro\\\/blog\\\/wp-content\\\/uploads\\\/2018\\\/10\\\/logo-planteea.png\",\"width\":148,\"height\":87,\"caption\":\"Planteea\"},\"image\":{\"@id\":\"https:\\\/\\\/www.planteea.ro\\\/blog\\\/#\\\/schema\\\/logo\\\/image\\\/\"},\"sameAs\":[\"https:\\\/\\\/www.facebook.com\\\/planteea.ro\",\"https:\\\/\\\/x.com\\\/Planteea_Online\"]},{\"@type\":\"Person\",\"@id\":\"https:\\\/\\\/www.planteea.ro\\\/blog\\\/#\\\/schema\\\/person\\\/25a1f2fa05b6d8b48e1ebeff6d0bb894\",\"name\":\"Laura\",\"image\":{\"@type\":\"ImageObject\",\"inLanguage\":\"ro-RO\",\"@id\":\"https:\\\/\\\/secure.gravatar.com\\\/avatar\\\/352bcfc666715c1cb7cdb1b252318d67ddac815ea2d29e741d314afaa613ee2c?s=96&d=mm&r=g\",\"url\":\"https:\\\/\\\/secure.gravatar.com\\\/avatar\\\/352bcfc666715c1cb7cdb1b252318d67ddac815ea2d29e741d314afaa613ee2c?s=96&d=mm&r=g\",\"contentUrl\":\"https:\\\/\\\/secure.gravatar.com\\\/avatar\\\/352bcfc666715c1cb7cdb1b252318d67ddac815ea2d29e741d314afaa613ee2c?s=96&d=mm&r=g\",\"caption\":\"Laura\"},\"sameAs\":[\"https:\\\/\\\/www.planteea.ro\\\/\"],\"url\":\"https:\\\/\\\/www.planteea.ro\\\/blog\\\/author\\\/laura-tincu\\\/\"}]}<\/script>\n<!-- \/ Yoast SEO Premium plugin. -->","yoast_head_json":{"title":"Adev\u0103rul despre astenia de prim\u0103var\u0103: cauze, simptome \u0219i solu\u021bii - Blog Planteea","robots":{"index":"index","follow":"follow","max-snippet":"max-snippet:-1","max-image-preview":"max-image-preview:large","max-video-preview":"max-video-preview:-1"},"canonical":"https:\/\/www.planteea.ro\/blog\/adevarul-despre-astenia-de-primavara-cauze-simptome-si-solutii\/","og_locale":"ro_RO","og_type":"article","og_title":"Adev\u0103rul despre astenia de prim\u0103var\u0103: cauze, simptome \u0219i solu\u021bii","og_description":"C\u00e2nd spui prim\u0103var\u0103, te g\u00e2nde\u0219ti la noi \u00eenceputuri, la planuri de viitor, un stil de via\u021b\u0103 activ \u0219i mult\u0103 energie.&hellip;","og_url":"https:\/\/www.planteea.ro\/blog\/adevarul-despre-astenia-de-primavara-cauze-simptome-si-solutii\/","og_site_name":"Blog Planteea","article_publisher":"https:\/\/www.facebook.com\/planteea.ro","article_published_time":"2025-04-15T08:50:46+00:00","article_modified_time":"2025-04-15T08:51:48+00:00","og_image":[{"width":768,"height":512,"url":"https:\/\/www.planteea.ro\/blog\/wp-content\/uploads\/2025\/04\/BR57xjLZMF3t.jpg","type":"image\/jpeg"}],"author":"Laura","twitter_card":"summary_large_image","twitter_creator":"@Planteea_Online","twitter_site":"@Planteea_Online","twitter_misc":{"Scris de":"Laura","Timp estimat pentru citire":"12 minute"},"schema":{"@context":"https:\/\/schema.org","@graph":[{"@type":"Article","@id":"https:\/\/www.planteea.ro\/blog\/adevarul-despre-astenia-de-primavara-cauze-simptome-si-solutii\/#article","isPartOf":{"@id":"https:\/\/www.planteea.ro\/blog\/adevarul-despre-astenia-de-primavara-cauze-simptome-si-solutii\/"},"author":{"name":"Laura","@id":"https:\/\/www.planteea.ro\/blog\/#\/schema\/person\/25a1f2fa05b6d8b48e1ebeff6d0bb894"},"headline":"Adev\u0103rul despre astenia de prim\u0103var\u0103: cauze, simptome \u0219i solu\u021bii","datePublished":"2025-04-15T08:50:46+00:00","dateModified":"2025-04-15T08:51:48+00:00","mainEntityOfPage":{"@id":"https:\/\/www.planteea.ro\/blog\/adevarul-despre-astenia-de-primavara-cauze-simptome-si-solutii\/"},"wordCount":2153,"commentCount":2,"publisher":{"@id":"https:\/\/www.planteea.ro\/blog\/#organization"},"image":{"@id":"https:\/\/www.planteea.ro\/blog\/adevarul-despre-astenia-de-primavara-cauze-simptome-si-solutii\/#primaryimage"},"thumbnailUrl":"https:\/\/www.planteea.ro\/blog\/wp-content\/uploads\/2025\/04\/BR57xjLZMF3t.jpg","articleSection":["Beneficii produse naturiste","Curative","Remedii naturiste"],"inLanguage":"ro-RO","potentialAction":[{"@type":"CommentAction","name":"Comment","target":["https:\/\/www.planteea.ro\/blog\/adevarul-despre-astenia-de-primavara-cauze-simptome-si-solutii\/#respond"]}]},{"@type":"WebPage","@id":"https:\/\/www.planteea.ro\/blog\/adevarul-despre-astenia-de-primavara-cauze-simptome-si-solutii\/","url":"https:\/\/www.planteea.ro\/blog\/adevarul-despre-astenia-de-primavara-cauze-simptome-si-solutii\/","name":"Adev\u0103rul despre astenia de prim\u0103var\u0103: cauze, simptome \u0219i solu\u021bii - Blog Planteea","isPartOf":{"@id":"https:\/\/www.planteea.ro\/blog\/#website"},"primaryImageOfPage":{"@id":"https:\/\/www.planteea.ro\/blog\/adevarul-despre-astenia-de-primavara-cauze-simptome-si-solutii\/#primaryimage"},"image":{"@id":"https:\/\/www.planteea.ro\/blog\/adevarul-despre-astenia-de-primavara-cauze-simptome-si-solutii\/#primaryimage"},"thumbnailUrl":"https:\/\/www.planteea.ro\/blog\/wp-content\/uploads\/2025\/04\/BR57xjLZMF3t.jpg","datePublished":"2025-04-15T08:50:46+00:00","dateModified":"2025-04-15T08:51:48+00:00","breadcrumb":{"@id":"https:\/\/www.planteea.ro\/blog\/adevarul-despre-astenia-de-primavara-cauze-simptome-si-solutii\/#breadcrumb"},"inLanguage":"ro-RO","potentialAction":[{"@type":"ReadAction","target":["https:\/\/www.planteea.ro\/blog\/adevarul-despre-astenia-de-primavara-cauze-simptome-si-solutii\/"]}]},{"@type":"ImageObject","inLanguage":"ro-RO","@id":"https:\/\/www.planteea.ro\/blog\/adevarul-despre-astenia-de-primavara-cauze-simptome-si-solutii\/#primaryimage","url":"https:\/\/www.planteea.ro\/blog\/wp-content\/uploads\/2025\/04\/BR57xjLZMF3t.jpg","contentUrl":"https:\/\/www.planteea.ro\/blog\/wp-content\/uploads\/2025\/04\/BR57xjLZMF3t.jpg","width":768,"height":512},{"@type":"BreadcrumbList","@id":"https:\/\/www.planteea.ro\/blog\/adevarul-despre-astenia-de-primavara-cauze-simptome-si-solutii\/#breadcrumb","itemListElement":[{"@type":"ListItem","position":1,"name":"Home","item":"https:\/\/www.planteea.ro\/blog\/"},{"@type":"ListItem","position":2,"name":"Adev\u0103rul despre astenia de prim\u0103var\u0103: cauze, simptome \u0219i solu\u021bii"}]},{"@type":"WebSite","@id":"https:\/\/www.planteea.ro\/blog\/#website","url":"https:\/\/www.planteea.ro\/blog\/","name":"Blog Planteea","description":"Un Blog \u00een slujba s\u0103n\u0103t\u0103\u021bii tale.","publisher":{"@id":"https:\/\/www.planteea.ro\/blog\/#organization"},"potentialAction":[{"@type":"SearchAction","target":{"@type":"EntryPoint","urlTemplate":"https:\/\/www.planteea.ro\/blog\/?s={search_term_string}"},"query-input":{"@type":"PropertyValueSpecification","valueRequired":true,"valueName":"search_term_string"}}],"inLanguage":"ro-RO"},{"@type":"Organization","@id":"https:\/\/www.planteea.ro\/blog\/#organization","name":"Planteea","url":"https:\/\/www.planteea.ro\/blog\/","logo":{"@type":"ImageObject","inLanguage":"ro-RO","@id":"https:\/\/www.planteea.ro\/blog\/#\/schema\/logo\/image\/","url":"https:\/\/www.planteea.ro\/blog\/wp-content\/uploads\/2018\/10\/logo-planteea.png","contentUrl":"https:\/\/www.planteea.ro\/blog\/wp-content\/uploads\/2018\/10\/logo-planteea.png","width":148,"height":87,"caption":"Planteea"},"image":{"@id":"https:\/\/www.planteea.ro\/blog\/#\/schema\/logo\/image\/"},"sameAs":["https:\/\/www.facebook.com\/planteea.ro","https:\/\/x.com\/Planteea_Online"]},{"@type":"Person","@id":"https:\/\/www.planteea.ro\/blog\/#\/schema\/person\/25a1f2fa05b6d8b48e1ebeff6d0bb894","name":"Laura","image":{"@type":"ImageObject","inLanguage":"ro-RO","@id":"https:\/\/secure.gravatar.com\/avatar\/352bcfc666715c1cb7cdb1b252318d67ddac815ea2d29e741d314afaa613ee2c?s=96&d=mm&r=g","url":"https:\/\/secure.gravatar.com\/avatar\/352bcfc666715c1cb7cdb1b252318d67ddac815ea2d29e741d314afaa613ee2c?s=96&d=mm&r=g","contentUrl":"https:\/\/secure.gravatar.com\/avatar\/352bcfc666715c1cb7cdb1b252318d67ddac815ea2d29e741d314afaa613ee2c?s=96&d=mm&r=g","caption":"Laura"},"sameAs":["https:\/\/www.planteea.ro\/"],"url":"https:\/\/www.planteea.ro\/blog\/author\/laura-tincu\/"}]}},"_links":{"self":[{"href":"https:\/\/www.planteea.ro\/blog\/wp-json\/wp\/v2\/posts\/5577","targetHints":{"allow":["GET"]}}],"collection":[{"href":"https:\/\/www.planteea.ro\/blog\/wp-json\/wp\/v2\/posts"}],"about":[{"href":"https:\/\/www.planteea.ro\/blog\/wp-json\/wp\/v2\/types\/post"}],"author":[{"embeddable":true,"href":"https:\/\/www.planteea.ro\/blog\/wp-json\/wp\/v2\/users\/19"}],"replies":[{"embeddable":true,"href":"https:\/\/www.planteea.ro\/blog\/wp-json\/wp\/v2\/comments?post=5577"}],"version-history":[{"count":2,"href":"https:\/\/www.planteea.ro\/blog\/wp-json\/wp\/v2\/posts\/5577\/revisions"}],"predecessor-version":[{"id":5586,"href":"https:\/\/www.planteea.ro\/blog\/wp-json\/wp\/v2\/posts\/5577\/revisions\/5586"}],"wp:featuredmedia":[{"embeddable":true,"href":"https:\/\/www.planteea.ro\/blog\/wp-json\/wp\/v2\/media\/5584"}],"wp:attachment":[{"href":"https:\/\/www.planteea.ro\/blog\/wp-json\/wp\/v2\/media?parent=5577"}],"wp:term":[{"taxonomy":"category","embeddable":true,"href":"https:\/\/www.planteea.ro\/blog\/wp-json\/wp\/v2\/categories?post=5577"},{"taxonomy":"post_tag","embeddable":true,"href":"https:\/\/www.planteea.ro\/blog\/wp-json\/wp\/v2\/tags?post=5577"}],"curies":[{"name":"wp","href":"https:\/\/api.w.org\/{rel}","templated":true}]}}